{"id":739,"date":"2018-10-25T11:51:30","date_gmt":"2018-10-25T10:51:30","guid":{"rendered":"http:\/\/lescuriosites.fr\/?p=739"},"modified":"2020-03-09T07:16:57","modified_gmt":"2020-03-09T06:16:57","slug":"animation-artistique-a-montreuil-une-fresque-collective-pour-la-fete-de-quartier-centre-ville","status":"publish","type":"post","link":"https:\/\/lescuriosites.fr\/index.php\/2018\/10\/25\/animation-artistique-a-montreuil-une-fresque-collective-pour-la-fete-de-quartier-centre-ville\/","title":{"rendered":"[Animation artistique] A Montreuil, une fresque participative pour la f\u00eate de quartier Centre Ville"},"content":{"rendered":"<p>A l&rsquo;occasion de la\u00a0f\u00eate de quartier Centre Ville \u00e0 Montreuil le 23 septembre 2018, nous avons anim\u00e9 un atelier collectif de peinture\u00a0ouvert \u00e0 tous, petits et grands, enfants et familles ; notre objectif : r\u00e9aliser une fresque murale sur le th\u00e8me de la nature.<\/p>\n\n\t\t<style type=\"text\/css\">\n\t\t\t#gallery-1 {\n\t\t\t\tmargin: auto;\n\t\t\t}\n\t\t\t#gallery-1 .gallery-item {\n\t\t\t\tfloat: left;\n\t\t\t\tmargin-top: 10px;\n\t\t\t\ttext-align: center;\n\t\t\t\twidth: 25%;\n\t\t\t}\n\t\t\t#gallery-1 img {\n\t\t\t\tborder: 2px solid #cfcfcf;\n\t\t\t}\n\t\t\t#gallery-1 .gallery-caption {\n\t\t\t\tmargin-left: 0;\n\t\t\t}\n\t\t\t\/* see gallery_shortcode() in wp-includes\/media.php *\/\n\t\t<\/style>\n\t\t<div id='gallery-1' class='gallery galleryid-739 gallery-columns-4 gallery-size-thumbnail'><dl class='gallery-item'>\n\t\t\t<dt class='gallery-icon landscape'>\n\t\t\t\t<a href='https:\/\/lescuriosites.fr\/index.php\/2018\/10\/25\/animation-artistique-a-montreuil-une-fresque-collective-pour-la-fete-de-quartier-centre-ville\/fresqueparticipative\/'><img width=\"150\" height=\"150\" src=\"https:\/\/lescuriosites.fr\/wp-content\/uploads\/2018\/11\/FresqueParticipative-150x150.jpg\" class=\"attachment-thumbnail size-thumbnail\" alt=\"\" decoding=\"async\" loading=\"lazy\" srcset=\"https:\/\/lescuriosites.fr\/wp-content\/uploads\/2018\/11\/FresqueParticipative-150x150.jpg 150w, https:\/\/lescuriosites.fr\/wp-content\/uploads\/2018\/11\/FresqueParticipative-300x300.jpg 300w, https:\/\/lescuriosites.fr\/wp-content\/uploads\/2018\/11\/FresqueParticipative-768x768.jpg 768w, https:\/\/lescuriosites.fr\/wp-content\/uploads\/2018\/11\/FresqueParticipative.jpg 800w\" sizes=\"(max-width: 150px) 100vw, 150px\" \/><\/a>\n\t\t\t<\/dt><\/dl><dl class='gallery-item'>\n\t\t\t<dt class='gallery-icon landscape'>\n\t\t\t\t<a href='https:\/\/lescuriosites.fr\/index.php\/2018\/10\/25\/animation-artistique-a-montreuil-une-fresque-collective-pour-la-fete-de-quartier-centre-ville\/img_1697-copie\/'><img width=\"150\" height=\"150\" src=\"https:\/\/lescuriosites.fr\/wp-content\/uploads\/2018\/11\/IMG_1697-copie-150x150.jpg\" class=\"attachment-thumbnail size-thumbnail\" alt=\"\" decoding=\"async\" loading=\"lazy\" srcset=\"https:\/\/lescuriosites.fr\/wp-content\/uploads\/2018\/11\/IMG_1697-copie-150x150.jpg 150w, https:\/\/lescuriosites.fr\/wp-content\/uploads\/2018\/11\/IMG_1697-copie-300x300.jpg 300w, https:\/\/lescuriosites.fr\/wp-content\/uploads\/2018\/11\/IMG_1697-copie-768x768.jpg 768w, https:\/\/lescuriosites.fr\/wp-content\/uploads\/2018\/11\/IMG_1697-copie-1024x1024.jpg 1024w, https:\/\/lescuriosites.fr\/wp-content\/uploads\/2018\/11\/IMG_1697-copie.jpg 1558w\" sizes=\"(max-width: 150px) 100vw, 150px\" \/><\/a>\n\t\t\t<\/dt><\/dl><dl class='gallery-item'>\n\t\t\t<dt class='gallery-icon portrait'>\n\t\t\t\t<a href='https:\/\/lescuriosites.fr\/index.php\/2018\/10\/25\/animation-artistique-a-montreuil-une-fresque-collective-pour-la-fete-de-quartier-centre-ville\/img_e1705-copie\/'><img width=\"150\" height=\"150\" src=\"https:\/\/lescuriosites.fr\/wp-content\/uploads\/2018\/11\/IMG_E1705-copie-150x150.jpg\" class=\"attachment-thumbnail size-thumbnail\" alt=\"\" decoding=\"async\" loading=\"lazy\" \/><\/a>\n\t\t\t<\/dt><\/dl><dl class='gallery-item'>\n\t\t\t<dt class='gallery-icon portrait'>\n\t\t\t\t<a href='https:\/\/lescuriosites.fr\/index.php\/2018\/10\/25\/animation-artistique-a-montreuil-une-fresque-collective-pour-la-fete-de-quartier-centre-ville\/fete-centre-ville-2018-square\/'><img width=\"150\" height=\"150\" src=\"https:\/\/lescuriosites.fr\/wp-content\/uploads\/2018\/11\/Fete-centre-ville-2018-square-150x150.jpg\" class=\"attachment-thumbnail size-thumbnail\" alt=\"\" decoding=\"async\" loading=\"lazy\" srcset=\"https:\/\/lescuriosites.fr\/wp-content\/uploads\/2018\/11\/Fete-centre-ville-2018-square-150x150.jpg 150w, https:\/\/lescuriosites.fr\/wp-content\/uploads\/2018\/11\/Fete-centre-ville-2018-square-300x300.jpg 300w, https:\/\/lescuriosites.fr\/wp-content\/uploads\/2018\/11\/Fete-centre-ville-2018-square-299x300.jpg 299w, https:\/\/lescuriosites.fr\/wp-content\/uploads\/2018\/11\/Fete-centre-ville-2018-square.jpg 418w\" sizes=\"(max-width: 150px) 100vw, 150px\" \/><\/a>\n\t\t\t<\/dt><\/dl><br style=\"clear: both\" \/>\n\t\t<\/div>\n\n<p>Le r\u00e9sultat : une for\u00eat enchant\u00e9e ! notre fresque a \u00e9t\u00e9 expos\u00e9e en Octobre \u00e0 la Verri\u00e8re, dans la cit\u00e9 de l&rsquo;Espoir, \u00e0 l\u2019occasion des Portes Ouvertes des Ateliers d\u2019Artistes de Montreuil, dans le cadre d\u2019un partenariat avec l\u2019association montreuilloise Oazart et son travail artistique autour de la Magie V\u00e9g\u00e9tale.<\/p>\n<p><img decoding=\"async\" loading=\"lazy\" class=\"aligncenter size-large wp-image-745\" src=\"http:\/\/lescuriosites.fr\/wp-content\/uploads\/2018\/11\/IMG_E1710-copie-1024x802.jpg\" alt=\"\" width=\"584\" height=\"457\" srcset=\"https:\/\/lescuriosites.fr\/wp-content\/uploads\/2018\/11\/IMG_E1710-copie-1024x802.jpg 1024w, https:\/\/lescuriosites.fr\/wp-content\/uploads\/2018\/11\/IMG_E1710-copie-300x235.jpg 300w, https:\/\/lescuriosites.fr\/wp-content\/uploads\/2018\/11\/IMG_E1710-copie-768x601.jpg 768w, https:\/\/lescuriosites.fr\/wp-content\/uploads\/2018\/11\/IMG_E1710-copie-383x300.jpg 383w\" sizes=\"(max-width: 584px) 100vw, 584px\" \/><\/p>\n","protected":false},"excerpt":{"rendered":"<p>A l&rsquo;occasion de la\u00a0f\u00eate de quartier Centre Ville \u00e0 Montreuil le 23 septembre 2018, nous avons anim\u00e9 un atelier collectif de peinture\u00a0ouvert \u00e0 tous, petits et grands, enfants et familles ; notre objectif : r\u00e9aliser une fresque murale sur le &hellip; <a href=\"https:\/\/lescuriosites.fr\/index.php\/2018\/10\/25\/animation-artistique-a-montreuil-une-fresque-collective-pour-la-fete-de-quartier-centre-ville\/\">Lire la suite <span class=\"meta-nav\">&rarr;<\/span><\/a><\/p>\n","protected":false},"author":1,"featured_media":0,"comment_status":"closed","ping_status":"open","sticky":false,"template":"","format":"standard","meta":[],"categories":[39],"tags":[7,44,46,25,19],"_links":{"self":[{"href":"https:\/\/lescuriosites.fr\/index.php\/wp-json\/wp\/v2\/posts\/739"}],"collection":[{"href":"https:\/\/lescuriosites.fr\/index.php\/wp-json\/wp\/v2\/posts"}],"about":[{"href":"https:\/\/lescuriosites.fr\/index.php\/wp-json\/wp\/v2\/types\/post"}],"author":[{"embeddable":true,"href":"https:\/\/lescuriosites.fr\/index.php\/wp-json\/wp\/v2\/users\/1"}],"replies":[{"embeddable":true,"href":"https:\/\/lescuriosites.fr\/index.php\/wp-json\/wp\/v2\/comments?post=739"}],"version-history":[{"count":2,"href":"https:\/\/lescuriosites.fr\/index.php\/wp-json\/wp\/v2\/posts\/739\/revisions"}],"predecessor-version":[{"id":747,"href":"https:\/\/lescuriosites.fr\/index.php\/wp-json\/wp\/v2\/posts\/739\/revisions\/747"}],"wp:attachment":[{"href":"https:\/\/lescuriosites.fr\/index.php\/wp-json\/wp\/v2\/media?parent=739"}],"wp:term":[{"taxonomy":"category","embeddable":true,"href":"https:\/\/lescuriosites.fr\/index.php\/wp-json\/wp\/v2\/categories?post=739"},{"taxonomy":"post_tag","embeddable":true,"href":"https:\/\/lescuriosites.fr\/index.php\/wp-json\/wp\/v2\/tags?post=739"}],"curies":[{"name":"wp","href":"https:\/\/api.w.org\/{rel}","templated":true}]}}