{"id":822,"date":"2019-01-06T16:00:06","date_gmt":"2019-01-06T15:00:06","guid":{"rendered":"http:\/\/lescuriosites.fr\/?p=822"},"modified":"2020-12-01T10:16:25","modified_gmt":"2020-12-01T09:16:25","slug":"colorez-la-vie-un-projet-artistique-avec-lehpad-la-maison-des-vergers-et-lecole-elementaire-marcelin-berthelot-a-montreuil","status":"publish","type":"post","link":"https:\/\/lescuriosites.fr\/index.php\/2019\/01\/06\/colorez-la-vie-un-projet-artistique-avec-lehpad-la-maison-des-vergers-et-lecole-elementaire-marcelin-berthelot-a-montreuil\/","title":{"rendered":"\u00ab\u00a0Colorez la vie !\u00a0\u00bb Un projet artistique avec l&rsquo;EHPAD la Maison des Vergers et l&rsquo;\u00e9cole \u00e9l\u00e9mentaire Marcelin Berthelot \u00e0 Montreuil"},"content":{"rendered":"<ul>\n<li><span style=\"color: #800000;\"><strong>Tisser des liens de proximit\u00e9<\/strong><\/span> au sein d&rsquo;un m\u00eame quartier entre les r\u00e9sidents de l&rsquo;EHPAD, les enfants de primaire et leurs parents, encourager l&rsquo;ouverture de la structure \u00e0 d&rsquo;autres acteurs<\/li>\n<li>Proposer \u00e0 des personnes \u00e2g\u00e9es vivant en EHPAD de <span style=\"color: #800000;\"><strong>valoriser leur v\u00e9cu, transmettre leur m\u00e9moire aupr\u00e8s des jeunes g\u00e9n\u00e9rations<\/strong><\/span><\/li>\n<li>Encourager le \u00ab\u00a0<span style=\"color: #800000;\"><strong>faire ensemble<\/strong><\/span>\u00ab\u00a0, la cr\u00e9ation collective, les rencontres et l&rsquo;\u00e9coute entre g\u00e9n\u00e9rations au travers d&rsquo;activit\u00e9s artistiques communes<\/li>\n<li><span style=\"color: #800000;\"><strong>Embellir les lieux de vie<\/strong><\/span> par des fresques murales peintes entre g\u00e9n\u00e9rations<\/li>\n<\/ul>\n<p>Tels sont les objectifs de ce projet<strong> financ\u00e9 par la Fondation de France<\/strong> dans le cadre de l&rsquo;appel \u00e0 projets Vieillir acteur et citoyen de son territoire<\/p>\n\n\t\t<style type=\"text\/css\">\n\t\t\t#gallery-1 {\n\t\t\t\tmargin: auto;\n\t\t\t}\n\t\t\t#gallery-1 .gallery-item {\n\t\t\t\tfloat: left;\n\t\t\t\tmargin-top: 10px;\n\t\t\t\ttext-align: center;\n\t\t\t\twidth: 33%;\n\t\t\t}\n\t\t\t#gallery-1 img {\n\t\t\t\tborder: 2px solid #cfcfcf;\n\t\t\t}\n\t\t\t#gallery-1 .gallery-caption {\n\t\t\t\tmargin-left: 0;\n\t\t\t}\n\t\t\t\/* see gallery_shortcode() in wp-includes\/media.php *\/\n\t\t<\/style>\n\t\t<div id='gallery-1' class='gallery galleryid-822 gallery-columns-3 gallery-size-medium'><dl class='gallery-item'>\n\t\t\t<dt class='gallery-icon landscape'>\n\t\t\t\t<a href='https:\/\/lescuriosites.fr\/index.php\/2019\/01\/06\/colorez-la-vie-un-projet-artistique-avec-lehpad-la-maison-des-vergers-et-lecole-elementaire-marcelin-berthelot-a-montreuil\/version-2\/'><img width=\"300\" height=\"300\" src=\"https:\/\/lescuriosites.fr\/wp-content\/uploads\/2019\/01\/181009-IMG_1850-copie-300x300.jpg\" class=\"attachment-medium size-medium\" alt=\"\" decoding=\"async\" loading=\"lazy\" srcset=\"https:\/\/lescuriosites.fr\/wp-content\/uploads\/2019\/01\/181009-IMG_1850-copie-300x300.jpg 300w, https:\/\/lescuriosites.fr\/wp-content\/uploads\/2019\/01\/181009-IMG_1850-copie-150x150.jpg 150w, https:\/\/lescuriosites.fr\/wp-content\/uploads\/2019\/01\/181009-IMG_1850-copie-768x768.jpg 768w, https:\/\/lescuriosites.fr\/wp-content\/uploads\/2019\/01\/181009-IMG_1850-copie-1024x1024.jpg 1024w\" sizes=\"(max-width: 300px) 100vw, 300px\" \/><\/a>\n\t\t\t<\/dt><\/dl><dl class='gallery-item'>\n\t\t\t<dt class='gallery-icon landscape'>\n\t\t\t\t<a href='https:\/\/lescuriosites.fr\/index.php\/2019\/01\/06\/colorez-la-vie-un-projet-artistique-avec-lehpad-la-maison-des-vergers-et-lecole-elementaire-marcelin-berthelot-a-montreuil\/181009-img_1857-copie\/'><img width=\"300\" height=\"300\" src=\"https:\/\/lescuriosites.fr\/wp-content\/uploads\/2019\/01\/181009-IMG_1857-copie-300x300.jpg\" class=\"attachment-medium size-medium\" alt=\"\" decoding=\"async\" loading=\"lazy\" srcset=\"https:\/\/lescuriosites.fr\/wp-content\/uploads\/2019\/01\/181009-IMG_1857-copie-300x300.jpg 300w, https:\/\/lescuriosites.fr\/wp-content\/uploads\/2019\/01\/181009-IMG_1857-copie-150x150.jpg 150w, https:\/\/lescuriosites.fr\/wp-content\/uploads\/2019\/01\/181009-IMG_1857-copie-768x768.jpg 768w, https:\/\/lescuriosites.fr\/wp-content\/uploads\/2019\/01\/181009-IMG_1857-copie-1024x1024.jpg 1024w, https:\/\/lescuriosites.fr\/wp-content\/uploads\/2019\/01\/181009-IMG_1857-copie.jpg 1984w\" sizes=\"(max-width: 300px) 100vw, 300px\" \/><\/a>\n\t\t\t<\/dt><\/dl><dl class='gallery-item'>\n\t\t\t<dt class='gallery-icon landscape'>\n\t\t\t\t<a href='https:\/\/lescuriosites.fr\/index.php\/2019\/01\/06\/colorez-la-vie-un-projet-artistique-avec-lehpad-la-maison-des-vergers-et-lecole-elementaire-marcelin-berthelot-a-montreuil\/181016-img_1960-copie\/'><img width=\"300\" height=\"300\" src=\"https:\/\/lescuriosites.fr\/wp-content\/uploads\/2019\/01\/181016-IMG_1960-copie-300x300.jpg\" class=\"attachment-medium size-medium\" alt=\"\" decoding=\"async\" loading=\"lazy\" srcset=\"https:\/\/lescuriosites.fr\/wp-content\/uploads\/2019\/01\/181016-IMG_1960-copie-300x300.jpg 300w, https:\/\/lescuriosites.fr\/wp-content\/uploads\/2019\/01\/181016-IMG_1960-copie-150x150.jpg 150w, https:\/\/lescuriosites.fr\/wp-content\/uploads\/2019\/01\/181016-IMG_1960-copie-768x768.jpg 768w, https:\/\/lescuriosites.fr\/wp-content\/uploads\/2019\/01\/181016-IMG_1960-copie-1024x1024.jpg 1024w, https:\/\/lescuriosites.fr\/wp-content\/uploads\/2019\/01\/181016-IMG_1960-copie.jpg 1984w\" sizes=\"(max-width: 300px) 100vw, 300px\" \/><\/a>\n\t\t\t<\/dt><\/dl><br style=\"clear: both\" \/>\n\t\t<\/div>\n\n<p>Il s&rsquo;agit d&rsquo;<strong>\u00e9changes artistiques entre r\u00e9sidents et enfants, \u00e9ducateurs, enseignants et parents.<\/strong> Chaque semaine, d&rsquo;octobre 2018 \u00e0 Mai 2019, une classe se rend \u00e0 l&rsquo;EHPAD , pour un travail artistique commun \u00e0 partir de photos d&rsquo;enfance des r\u00e9sidents et des enfants de l&rsquo;\u00e9cole ; pour la conception et la r\u00e9alisation de fresques murales peintes, qui racontent une histoire, transmettent des valeurs, pour d\u00e9corer les parties communes de l&rsquo;EHPAD et de l&rsquo;\u00e9cole. En parall\u00e8le, les enfants m\u00e8nent le making-off du projet : \u00e0 partir de recueil de t\u00e9moignages, d&rsquo;interviews de r\u00e9sidents et d&rsquo;enfants, de photos et de croquis, les petits reporters rendent compte du projet dans son ensemble.<\/p>\n\n\t\t<style type=\"text\/css\">\n\t\t\t#gallery-2 {\n\t\t\t\tmargin: auto;\n\t\t\t}\n\t\t\t#gallery-2 .gallery-item {\n\t\t\t\tfloat: left;\n\t\t\t\tmargin-top: 10px;\n\t\t\t\ttext-align: center;\n\t\t\t\twidth: 33%;\n\t\t\t}\n\t\t\t#gallery-2 img {\n\t\t\t\tborder: 2px solid #cfcfcf;\n\t\t\t}\n\t\t\t#gallery-2 .gallery-caption {\n\t\t\t\tmargin-left: 0;\n\t\t\t}\n\t\t\t\/* see gallery_shortcode() in wp-includes\/media.php *\/\n\t\t<\/style>\n\t\t<div id='gallery-2' class='gallery galleryid-822 gallery-columns-3 gallery-size-medium'><dl class='gallery-item'>\n\t\t\t<dt class='gallery-icon landscape'>\n\t\t\t\t<a href='https:\/\/lescuriosites.fr\/index.php\/2019\/01\/06\/colorez-la-vie-un-projet-artistique-avec-lehpad-la-maison-des-vergers-et-lecole-elementaire-marcelin-berthelot-a-montreuil\/181016-img_1969-copie\/'><img width=\"300\" height=\"300\" src=\"https:\/\/lescuriosites.fr\/wp-content\/uploads\/2019\/01\/181016-IMG_1969-copie-300x300.jpg\" class=\"attachment-medium size-medium\" alt=\"\" decoding=\"async\" loading=\"lazy\" srcset=\"https:\/\/lescuriosites.fr\/wp-content\/uploads\/2019\/01\/181016-IMG_1969-copie-300x300.jpg 300w, https:\/\/lescuriosites.fr\/wp-content\/uploads\/2019\/01\/181016-IMG_1969-copie-150x150.jpg 150w, https:\/\/lescuriosites.fr\/wp-content\/uploads\/2019\/01\/181016-IMG_1969-copie-768x768.jpg 768w, https:\/\/lescuriosites.fr\/wp-content\/uploads\/2019\/01\/181016-IMG_1969-copie-1024x1024.jpg 1024w, https:\/\/lescuriosites.fr\/wp-content\/uploads\/2019\/01\/181016-IMG_1969-copie.jpg 1984w\" sizes=\"(max-width: 300px) 100vw, 300px\" \/><\/a>\n\t\t\t<\/dt><\/dl><dl class='gallery-item'>\n\t\t\t<dt class='gallery-icon landscape'>\n\t\t\t\t<a href='https:\/\/lescuriosites.fr\/index.php\/2019\/01\/06\/colorez-la-vie-un-projet-artistique-avec-lehpad-la-maison-des-vergers-et-lecole-elementaire-marcelin-berthelot-a-montreuil\/img_2587\/'><img width=\"300\" height=\"300\" src=\"https:\/\/lescuriosites.fr\/wp-content\/uploads\/2019\/01\/IMG_2587-300x300.jpg\" class=\"attachment-medium size-medium\" alt=\"\" decoding=\"async\" loading=\"lazy\" srcset=\"https:\/\/lescuriosites.fr\/wp-content\/uploads\/2019\/01\/IMG_2587-300x300.jpg 300w, https:\/\/lescuriosites.fr\/wp-content\/uploads\/2019\/01\/IMG_2587-150x150.jpg 150w, https:\/\/lescuriosites.fr\/wp-content\/uploads\/2019\/01\/IMG_2587-768x768.jpg 768w, https:\/\/lescuriosites.fr\/wp-content\/uploads\/2019\/01\/IMG_2587-1024x1024.jpg 1024w, https:\/\/lescuriosites.fr\/wp-content\/uploads\/2019\/01\/IMG_2587.jpg 1984w\" sizes=\"(max-width: 300px) 100vw, 300px\" \/><\/a>\n\t\t\t<\/dt><\/dl><dl class='gallery-item'>\n\t\t\t<dt class='gallery-icon landscape'>\n\t\t\t\t<a href='https:\/\/lescuriosites.fr\/index.php\/2019\/01\/06\/colorez-la-vie-un-projet-artistique-avec-lehpad-la-maison-des-vergers-et-lecole-elementaire-marcelin-berthelot-a-montreuil\/img_2588\/'><img width=\"300\" height=\"300\" src=\"https:\/\/lescuriosites.fr\/wp-content\/uploads\/2019\/01\/IMG_2588-300x300.jpg\" class=\"attachment-medium size-medium\" alt=\"\" decoding=\"async\" loading=\"lazy\" srcset=\"https:\/\/lescuriosites.fr\/wp-content\/uploads\/2019\/01\/IMG_2588-300x300.jpg 300w, https:\/\/lescuriosites.fr\/wp-content\/uploads\/2019\/01\/IMG_2588-150x150.jpg 150w, https:\/\/lescuriosites.fr\/wp-content\/uploads\/2019\/01\/IMG_2588-768x768.jpg 768w, https:\/\/lescuriosites.fr\/wp-content\/uploads\/2019\/01\/IMG_2588-1024x1024.jpg 1024w, https:\/\/lescuriosites.fr\/wp-content\/uploads\/2019\/01\/IMG_2588.jpg 1984w\" sizes=\"(max-width: 300px) 100vw, 300px\" \/><\/a>\n\t\t\t<\/dt><\/dl><br style=\"clear: both\" \/>\n\t\t<\/div>\n\n<p><strong><span style=\"color: #800000;\">Rendez-vous en juin au th\u00e9\u00e2tre Berthelot pour la restitution du projet ! <\/span><\/strong><span style=\"color: #000000;\">e<\/span>xposition des fresques r\u00e9alis\u00e9es, des photos coloris\u00e9es annot\u00e9es des textes, mais aussi de grands panneaux du making off, pr\u00e9sentant aux visiteurs le processus de cr\u00e9ation inter-g\u00e9n\u00e9rationnel mis en oeuvre. Le vernissage sera l&rsquo;occasion de rassembler les r\u00e9sidents, les personnels, les enfants et leurs familles lors d&rsquo;un moment convivial. Les fresques et photos seront ensuite install\u00e9es sur leurs lieux de destination, \u00e0 la Maison des Vergers et \u00e0 l&rsquo;\u00e9cole.<\/p>\n","protected":false},"excerpt":{"rendered":"<p>Tisser des liens de proximit\u00e9 au sein d&rsquo;un m\u00eame quartier entre les r\u00e9sidents de l&rsquo;EHPAD, les enfants de primaire et leurs parents, encourager l&rsquo;ouverture de la structure \u00e0 d&rsquo;autres acteurs Proposer \u00e0 des personnes \u00e2g\u00e9es vivant en EHPAD de valoriser &hellip; <a href=\"https:\/\/lescuriosites.fr\/index.php\/2019\/01\/06\/colorez-la-vie-un-projet-artistique-avec-lehpad-la-maison-des-vergers-et-lecole-elementaire-marcelin-berthelot-a-montreuil\/\">Lire la suite <span class=\"meta-nav\">&rarr;<\/span><\/a><\/p>\n","protected":false},"author":1,"featured_media":0,"comment_status":"closed","ping_status":"open","sticky":false,"template":"","format":"standard","meta":[],"categories":[88],"tags":[21,51,12,46,25,19,52],"_links":{"self":[{"href":"https:\/\/lescuriosites.fr\/index.php\/wp-json\/wp\/v2\/posts\/822"}],"collection":[{"href":"https:\/\/lescuriosites.fr\/index.php\/wp-json\/wp\/v2\/posts"}],"about":[{"href":"https:\/\/lescuriosites.fr\/index.php\/wp-json\/wp\/v2\/types\/post"}],"author":[{"embeddable":true,"href":"https:\/\/lescuriosites.fr\/index.php\/wp-json\/wp\/v2\/users\/1"}],"replies":[{"embeddable":true,"href":"https:\/\/lescuriosites.fr\/index.php\/wp-json\/wp\/v2\/comments?post=822"}],"version-history":[{"count":1,"href":"https:\/\/lescuriosites.fr\/index.php\/wp-json\/wp\/v2\/posts\/822\/revisions"}],"predecessor-version":[{"id":829,"href":"https:\/\/lescuriosites.fr\/index.php\/wp-json\/wp\/v2\/posts\/822\/revisions\/829"}],"wp:attachment":[{"href":"https:\/\/lescuriosites.fr\/index.php\/wp-json\/wp\/v2\/media?parent=822"}],"wp:term":[{"taxonomy":"category","embeddable":true,"href":"https:\/\/lescuriosites.fr\/index.php\/wp-json\/wp\/v2\/categories?post=822"},{"taxonomy":"post_tag","embeddable":true,"href":"https:\/\/lescuriosites.fr\/index.php\/wp-json\/wp\/v2\/tags?post=822"}],"curies":[{"name":"wp","href":"https:\/\/api.w.org\/{rel}","templated":true}]}}