{"id":869,"date":"2019-05-16T13:14:21","date_gmt":"2019-05-16T12:14:21","guid":{"rendered":"http:\/\/lescuriosites.fr\/?p=869"},"modified":"2020-12-01T10:15:35","modified_gmt":"2020-12-01T09:15:35","slug":"colorer-la-vie-lexposition","status":"publish","type":"post","link":"https:\/\/lescuriosites.fr\/index.php\/2019\/05\/16\/colorer-la-vie-lexposition\/","title":{"rendered":"Colorer la Vie : l&rsquo;exposition !"},"content":{"rendered":"<p>Les r\u00e9sidents de la Maison des Vergers, les enfants de l\u2019\u00e9cole \u00e9l\u00e9mentaire Marcelin Berthelot, leurs professeures Nadia, Carole et Nathalie et l\u2019association Les Curiosit\u00e9s Ateliers Cr\u00e9atifs ont le plaisir de vous inviter au vernissage de leur exposition Colorer la vie !\u00a0<span style=\"color: #800000;\"><strong>\u00a0le jeudi 13 juin 2019 \u00e0 17h<\/strong><span style=\"color: #000000;\">, Th\u00e9\u00e2tre Municipal Berthelot (6 rue Marcelin Berthelot, 93100 Montreuil);\u00a0\u00a0<\/span><\/span><span style=\"color: #000000;\">Exposition du 13 au 20 juin 2019.<\/span><\/p>\n<p><img decoding=\"async\" loading=\"lazy\" class=\"alignleft wp-image-870\" src=\"http:\/\/lescuriosites.fr\/wp-content\/uploads\/2019\/05\/Expo-Colorer-la-vie-recto-730x1024.jpg\" alt=\"\" width=\"350\" height=\"491\" srcset=\"https:\/\/lescuriosites.fr\/wp-content\/uploads\/2019\/05\/Expo-Colorer-la-vie-recto-730x1024.jpg 730w, https:\/\/lescuriosites.fr\/wp-content\/uploads\/2019\/05\/Expo-Colorer-la-vie-recto-214x300.jpg 214w, https:\/\/lescuriosites.fr\/wp-content\/uploads\/2019\/05\/Expo-Colorer-la-vie-recto-768x1078.jpg 768w, https:\/\/lescuriosites.fr\/wp-content\/uploads\/2019\/05\/Expo-Colorer-la-vie-recto.jpg 1275w\" sizes=\"(max-width: 350px) 100vw, 350px\" \/>Un projet port\u00e9 par l\u2019EHPAD associatif La Maison des Vergers, en partenariat avec l\u2018association Les Curiosit\u00e9s Ateliers Cr\u00e9atifs et l\u2019\u00c9cole \u00e9l\u00e9mentaire Marcelin Berthelot \u00e0 Montreuil.<\/p>\n<p>L&rsquo;exposition pr\u00e9sente le r\u00e9sultat d&rsquo;\u00e9changes artistiques entre seniors et enfants, animateurs, enseignants et parents d\u2019octobre 2018 \u00e0 juin 2019 : travail artistique commun \u00e0 partir de photos d\u2019enfance, r\u00e9alisation de fresques murales peintes pour d\u00e9corer les parties communes de l\u2019EHPAD et de l\u2019\u00e9cole.<\/p>\n<p>Tisser des liens de proximit\u00e9 dans le quartier, encourager l\u2019ouverture de la structure \u00e0 d\u2019autres acteurs, Proposer \u00e0 des personnes \u00e2g\u00e9es de valoriser leur v\u00e9cu, transmettre leur m\u00e9moire aupr\u00e8s des jeunes g\u00e9n\u00e9rations, Encourager le \u00ab\u00a0faire ensemble\u00a0\u00bb, la cr\u00e9ation collective, Embellir les lieux de vie par des fresques peintes &#8230; &#8230; tels \u00e9taient les objectifs du projet.<\/p>\n<p>Un projet financ\u00e9 par la Fondation de France dans le cadre de l\u2019appel \u00e0 projets Vieillir acteur et citoyen de son territoire.<\/p>\n<p>&nbsp;<\/p>\n","protected":false},"excerpt":{"rendered":"<p>Les r\u00e9sidents de la Maison des Vergers, les enfants de l\u2019\u00e9cole \u00e9l\u00e9mentaire Marcelin Berthelot, leurs professeures Nadia, Carole et Nathalie et l\u2019association Les Curiosit\u00e9s Ateliers Cr\u00e9atifs ont le plaisir de vous inviter au vernissage de leur exposition Colorer la vie &hellip; <a href=\"https:\/\/lescuriosites.fr\/index.php\/2019\/05\/16\/colorer-la-vie-lexposition\/\">Lire la suite <span class=\"meta-nav\">&rarr;<\/span><\/a><\/p>\n","protected":false},"author":1,"featured_media":0,"comment_status":"closed","ping_status":"open","sticky":false,"template":"","format":"standard","meta":[],"categories":[88,14],"tags":[21,58,57,25],"_links":{"self":[{"href":"https:\/\/lescuriosites.fr\/index.php\/wp-json\/wp\/v2\/posts\/869"}],"collection":[{"href":"https:\/\/lescuriosites.fr\/index.php\/wp-json\/wp\/v2\/posts"}],"about":[{"href":"https:\/\/lescuriosites.fr\/index.php\/wp-json\/wp\/v2\/types\/post"}],"author":[{"embeddable":true,"href":"https:\/\/lescuriosites.fr\/index.php\/wp-json\/wp\/v2\/users\/1"}],"replies":[{"embeddable":true,"href":"https:\/\/lescuriosites.fr\/index.php\/wp-json\/wp\/v2\/comments?post=869"}],"version-history":[{"count":1,"href":"https:\/\/lescuriosites.fr\/index.php\/wp-json\/wp\/v2\/posts\/869\/revisions"}],"predecessor-version":[{"id":871,"href":"https:\/\/lescuriosites.fr\/index.php\/wp-json\/wp\/v2\/posts\/869\/revisions\/871"}],"wp:attachment":[{"href":"https:\/\/lescuriosites.fr\/index.php\/wp-json\/wp\/v2\/media?parent=869"}],"wp:term":[{"taxonomy":"category","embeddable":true,"href":"https:\/\/lescuriosites.fr\/index.php\/wp-json\/wp\/v2\/categories?post=869"},{"taxonomy":"post_tag","embeddable":true,"href":"https:\/\/lescuriosites.fr\/index.php\/wp-json\/wp\/v2\/tags?post=869"}],"curies":[{"name":"wp","href":"https:\/\/api.w.org\/{rel}","templated":true}]}}