{"id":918,"date":"2019-09-03T16:27:38","date_gmt":"2019-09-03T15:27:38","guid":{"rendered":"http:\/\/lescuriosites.fr\/?p=918"},"modified":"2020-12-01T10:15:17","modified_gmt":"2020-12-01T09:15:17","slug":"les-curiosites-ateliers-creatifs-laureat-de-lappel-a-projets-zero-dechets-2019-dest-ensemble","status":"publish","type":"post","link":"https:\/\/lescuriosites.fr\/index.php\/2019\/09\/03\/les-curiosites-ateliers-creatifs-laureat-de-lappel-a-projets-zero-dechets-2019-dest-ensemble\/","title":{"rendered":"Les Curiosit\u00e9s Ateliers Cr\u00e9atifs, laur\u00e9at de l&rsquo;appel \u00e0 projets Z\u00e9ro D\u00e9chets 2019 d&rsquo;Est Ensemble"},"content":{"rendered":"<section class=\"col_main\">\n<div id=\"col_main_int\" class=\"col_main_int\">\n<p class=\"title-first\">\u00a0Chaque ann\u00e9e, Est Ensemble s\u2019appuie sur un r\u00e9seau d\u2019associations pour aider les habitants\u00a0\u00e0 r\u00e9duire leur production de d\u00e9chets sur le territoire\u00a0: animation de composteurs de quartier, sensibilisation au coll\u00e8ge, ateliers de cuisine anti-gaspillage, repair caf\u00e9, r\u00e9paration de v\u00e9los\u2026 les\u00a0laur\u00e9ats de l&rsquo;appel \u00e0 projets Z\u00e9ro d\u00e9chets 2019 se sont r\u00e9unis \u00e0 l&rsquo;h\u00f4tel de territoire le 12 juin 2019.<\/p>\n<section class=\"col1\">\n<div class=\"col_content\">\n<div class=\"region region-col1\">\n<div id=\"block-system-main\" class=\"block block-system block-odd block-count-5 block-region-col1\">\n<div class=\"block-inner clearfix\">\n<div class=\"block-content content\">\n<article id=\"actualite-13639\" class=\"article article-type-actualite article-promoted odd article-full clearfix\" role=\"article\"><img decoding=\"async\" src=\"https:\/\/www.est-ensemble.fr\/sites\/default\/files\/ok-bd_0.jpg\" alt=\"\" \/><br \/>\n<em>Les laur\u00e9ats de l&rsquo;appel \u00e0 projets Z\u00e9ro d\u00e9chets le 12 juin 2019 \u00e0 l&rsquo;h\u00f4tel de territoire d&rsquo;Est Ensemble. Au centre en chemise blanche et veste noire, G\u00e9rard Cosme, pr\u00e9sident d&rsquo;Est Ensemble. Photo Est Ensemble \/ Direction de la communication<\/em><\/article>\n<article role=\"article\"><\/article>\n<article class=\"article article-type-actualite article-promoted odd article-full clearfix\" role=\"article\">En partenariat avec l&rsquo;association <a href=\"http:\/\/www.lesaccentstetus.com\/\">Les Accents T\u00eatus\u00a0<\/a>et la graphiste montreuilloise Viviane Rpch, notre projet\u00a0propose aux enfants d&rsquo;\u00e9coles \u00e9l\u00e9mentaires de devenir des \u00ab\u00a0ambassadeurs\u00a0\u00bb du tri des d\u00e9chets m\u00e9nagers, autour de la r\u00e9alisation d&rsquo;un album jeunesse et de rencontres avec des structures du territoire, avec les objectifs suivants :<\/p>\n<ul>\n<li>sensibiliser les enfants au tri des d\u00e9chets m\u00e9nagers et les responsabiliser de mani\u00e8re ludique ;<\/li>\n<li>encourager la cr\u00e9ativit\u00e9 et l&rsquo;imagination autour du recyclage des d\u00e9chets \u00e0 travers l&rsquo;\u00e9criture, les arts plastiques, la sc\u00e9nographie ;<\/li>\n<li>proposer aux enfants de devenir ambassadeurs du tri aupr\u00e8s de leur famille et de personnes vivant en structure d&rsquo;accueil ;<\/li>\n<li>favoriser les \u00e9changes entre des publics diff\u00e9rents.<\/li>\n<\/ul>\n<\/article>\n<\/div>\n<\/div>\n<\/div>\n<\/div>\n<\/div>\n<\/section>\n<\/div>\n<\/section>\n","protected":false},"excerpt":{"rendered":"<p>\u00a0Chaque ann\u00e9e, Est Ensemble s\u2019appuie sur un r\u00e9seau d\u2019associations pour aider les habitants\u00a0\u00e0 r\u00e9duire leur production de d\u00e9chets sur le territoire\u00a0: animation de composteurs de quartier, sensibilisation au coll\u00e8ge, ateliers de cuisine anti-gaspillage, repair caf\u00e9, r\u00e9paration de v\u00e9los\u2026 les\u00a0laur\u00e9ats de &hellip; <a href=\"https:\/\/lescuriosites.fr\/index.php\/2019\/09\/03\/les-curiosites-ateliers-creatifs-laureat-de-lappel-a-projets-zero-dechets-2019-dest-ensemble\/\">Lire la suite <span class=\"meta-nav\">&rarr;<\/span><\/a><\/p>\n","protected":false},"author":1,"featured_media":0,"comment_status":"closed","ping_status":"open","sticky":false,"template":"","format":"standard","meta":[],"categories":[88,14],"tags":[20,21,12,25,19,66],"_links":{"self":[{"href":"https:\/\/lescuriosites.fr\/index.php\/wp-json\/wp\/v2\/posts\/918"}],"collection":[{"href":"https:\/\/lescuriosites.fr\/index.php\/wp-json\/wp\/v2\/posts"}],"about":[{"href":"https:\/\/lescuriosites.fr\/index.php\/wp-json\/wp\/v2\/types\/post"}],"author":[{"embeddable":true,"href":"https:\/\/lescuriosites.fr\/index.php\/wp-json\/wp\/v2\/users\/1"}],"replies":[{"embeddable":true,"href":"https:\/\/lescuriosites.fr\/index.php\/wp-json\/wp\/v2\/comments?post=918"}],"version-history":[{"count":2,"href":"https:\/\/lescuriosites.fr\/index.php\/wp-json\/wp\/v2\/posts\/918\/revisions"}],"predecessor-version":[{"id":920,"href":"https:\/\/lescuriosites.fr\/index.php\/wp-json\/wp\/v2\/posts\/918\/revisions\/920"}],"wp:attachment":[{"href":"https:\/\/lescuriosites.fr\/index.php\/wp-json\/wp\/v2\/media?parent=918"}],"wp:term":[{"taxonomy":"category","embeddable":true,"href":"https:\/\/lescuriosites.fr\/index.php\/wp-json\/wp\/v2\/categories?post=918"},{"taxonomy":"post_tag","embeddable":true,"href":"https:\/\/lescuriosites.fr\/index.php\/wp-json\/wp\/v2\/tags?post=918"}],"curies":[{"name":"wp","href":"https:\/\/api.w.org\/{rel}","templated":true}]}}