{"id":926,"date":"2019-12-13T09:22:20","date_gmt":"2019-12-13T08:22:20","guid":{"rendered":"http:\/\/lescuriosites.fr\/?p=926"},"modified":"2020-12-01T10:14:26","modified_gmt":"2020-12-01T09:14:26","slug":"nous-aimons-nous-participons-portes-ouvertes-du-fablab-la-verriere-expos-et-ateliers","status":"publish","type":"post","link":"https:\/\/lescuriosites.fr\/index.php\/2019\/12\/13\/nous-aimons-nous-participons-portes-ouvertes-du-fablab-la-verriere-expos-et-ateliers\/","title":{"rendered":"[Nous aimons, nous participons] Portes ouvertes du Fablab La Verri\u00e8re : expos et ateliers !"},"content":{"rendered":"<p><img decoding=\"async\" loading=\"lazy\" class=\"alignleft size-full wp-image-927\" src=\"http:\/\/lescuriosites.fr\/wp-content\/uploads\/2019\/12\/Fete_Fab_Lab.jpg\" alt=\"\" width=\"1280\" height=\"560\" srcset=\"https:\/\/lescuriosites.fr\/wp-content\/uploads\/2019\/12\/Fete_Fab_Lab.jpg 1280w, https:\/\/lescuriosites.fr\/wp-content\/uploads\/2019\/12\/Fete_Fab_Lab-300x131.jpg 300w, https:\/\/lescuriosites.fr\/wp-content\/uploads\/2019\/12\/Fete_Fab_Lab-768x336.jpg 768w, https:\/\/lescuriosites.fr\/wp-content\/uploads\/2019\/12\/Fete_Fab_Lab-1024x448.jpg 1024w, https:\/\/lescuriosites.fr\/wp-content\/uploads\/2019\/12\/Fete_Fab_Lab-500x219.jpg 500w\" sizes=\"(max-width: 1280px) 100vw, 1280px\" \/>Dans le cadre des festivit\u00e9s de fin d&rsquo;ann\u00e9e de la Ville, le Fablab La Verri\u00e8re &#8211; La Fabrique de l&rsquo;Espoir ouvre ses portes pour un temps de d\u00e9couverte convivial ! En partenariat avec les associations artistiques du quartier, avec le soutien de la Fondation Orange et la Ville de Montreuil.<\/p>\n<p><strong>Au programme, expositions et ateliers cr\u00e9atifs ouverts \u00e0 tous !<\/strong><\/p>\n<p>Des expositions :<\/p>\n<ul>\n<li>Peintures et fresque murale r\u00e9alis\u00e9es lors de nos ateliers enfants et parent-enfant<\/li>\n<li>Maquettes \u00ab\u00a0Jeu, je construis\u00a0\u00bb r\u00e9alis\u00e9es par Oazart<\/li>\n<li>\u00ab\u00a0Totem\u00a0\u00bb et d\u00e9monstration \u00ab\u00a0petits Robots\u00a0\u00bb par les Jeunes \u00ab\u00a0Au Fil du Lab &#8211; Ados\u00a0\u00bb avec Salah<\/li>\n<li>Fabrications r\u00e9alis\u00e9es par les apprenants \u00ab\u00a0Fabriqueur num\u00e9rique\u00a0\u00bb, formation labellis\u00e9e Paris Fabrik<\/li>\n<li>Tabourets r\u00e9alis\u00e9s en atelier au Fablab par les Femmes en insertion de l&rsquo;Ai-LADOMIFA<\/li>\n<\/ul>\n<p>Des ateliers :<\/p>\n<ul>\n<li>Peinture \u00ab\u00a0live\u00a0\u00bb de la Cabane avec Les Curiosit\u00e9s, Ateliers Cr\u00e9atifs<\/li>\n<li>D\u00e9coration du sapin avec les d\u00e9corations fabriqu\u00e9es par les apprenants \u00ab\u00a0Fabriqueur num\u00e9rique\u00a0\u00bb<\/li>\n<li>Pochoir avec apprenants \u00ab\u00a0Fabriqueur num\u00e9rique\u00a0\u00bb<\/li>\n<li>Bracelet personnalis\u00e9 \u00e0 la d\u00e9coupe laser par Anne-Laure, membre de la communaut\u00e9 cr\u00e9ative du Fablab<\/li>\n<\/ul>\n<p>A tr\u00e8s vite !<\/p>\n<p>O\u00f9 : Fablab La Verri\u00e8re, 2 plae du 19 mars 1962 (Cit\u00e9 de l&rsquo;Espoir)\u00a0 \u00e0 Montreuil<\/p>\n<p>Quand ? samedi 14 d\u00e9cembre de 14h \u00e0 16h.<\/p>\n","protected":false},"excerpt":{"rendered":"<p>Dans le cadre des festivit\u00e9s de fin d&rsquo;ann\u00e9e de la Ville, le Fablab La Verri\u00e8re &#8211; La Fabrique de l&rsquo;Espoir ouvre ses portes pour un temps de d\u00e9couverte convivial ! En partenariat avec les associations artistiques du quartier, avec le &hellip; <a href=\"https:\/\/lescuriosites.fr\/index.php\/2019\/12\/13\/nous-aimons-nous-participons-portes-ouvertes-du-fablab-la-verriere-expos-et-ateliers\/\">Lire la suite <span class=\"meta-nav\">&rarr;<\/span><\/a><\/p>\n","protected":false},"author":1,"featured_media":0,"comment_status":"closed","ping_status":"open","sticky":false,"template":"","format":"standard","meta":[],"categories":[39,14],"tags":[67,12,42,25,19],"_links":{"self":[{"href":"https:\/\/lescuriosites.fr\/index.php\/wp-json\/wp\/v2\/posts\/926"}],"collection":[{"href":"https:\/\/lescuriosites.fr\/index.php\/wp-json\/wp\/v2\/posts"}],"about":[{"href":"https:\/\/lescuriosites.fr\/index.php\/wp-json\/wp\/v2\/types\/post"}],"author":[{"embeddable":true,"href":"https:\/\/lescuriosites.fr\/index.php\/wp-json\/wp\/v2\/users\/1"}],"replies":[{"embeddable":true,"href":"https:\/\/lescuriosites.fr\/index.php\/wp-json\/wp\/v2\/comments?post=926"}],"version-history":[{"count":3,"href":"https:\/\/lescuriosites.fr\/index.php\/wp-json\/wp\/v2\/posts\/926\/revisions"}],"predecessor-version":[{"id":930,"href":"https:\/\/lescuriosites.fr\/index.php\/wp-json\/wp\/v2\/posts\/926\/revisions\/930"}],"wp:attachment":[{"href":"https:\/\/lescuriosites.fr\/index.php\/wp-json\/wp\/v2\/media?parent=926"}],"wp:term":[{"taxonomy":"category","embeddable":true,"href":"https:\/\/lescuriosites.fr\/index.php\/wp-json\/wp\/v2\/categories?post=926"},{"taxonomy":"post_tag","embeddable":true,"href":"https:\/\/lescuriosites.fr\/index.php\/wp-json\/wp\/v2\/tags?post=926"}],"curies":[{"name":"wp","href":"https:\/\/api.w.org\/{rel}","templated":true}]}}